{"id":1876,"date":"2026-09-04T15:05:36","date_gmt":"2026-09-04T18:05:36","guid":{"rendered":"https:\/\/ppgfil.ufpi.br\/home\/?post_type=ppgfil_noticia&#038;p=1876"},"modified":"2026-09-04T15:49:23","modified_gmt":"2026-09-04T18:49:23","slug":"selecao-para-mestrado-e-doutorado-em-filosofia-2027-1","status":"publish","type":"ppgfil_noticia","link":"https:\/\/ppgfil.ufpi.br\/home\/index.php\/noticias\/selecao-para-mestrado-e-doutorado-em-filosofia-2027-1\/","title":{"rendered":"Sele\u00e7\u00e3o para  Mestrado e Doutorado em Filosofia 2027.1"},"content":{"rendered":"\n<p class=\"wp-block-paragraph\">Publicado os editais para sele\u00e7\u00e3o de mestrado e doutorado em filosofia para ingresso em 2027.1<\/p>\n\n\n\n<p class=\"wp-block-paragraph\">Inscri\u00e7\u00f5es de 08\/09 a 09\/10\/2026<\/p>\n\n\n\n<p class=\"wp-block-paragraph\">Confira em &#8220;Processos Seletivos&#8221; ou acesse ao link:<\/p>\n\n\n\n<p class=\"wp-block-paragraph\"><a href=\"https:\/\/ufpi.br\/editais-ufpi\/68954-ppgfil-ufpi-abre-selecao-para-mestrado-e-doutorado-em-filosofia-turmas-2027\">https:\/\/ufpi.br\/editais-ufpi\/68954-ppgfil-ufpi-abre-selecao-para-mestrado-e-doutorado-em-filosofia-turmas-2027<\/a><\/p>\n\n\n\n\n\n<p class=\"wp-block-paragraph\"><\/p>\n","protected":false},"excerpt":{"rendered":"<p>Publicado os editais para sele\u00e7\u00e3o de mestrado e doutorado em filosofia para ingresso em 2027.1 Inscri\u00e7\u00f5es de 08\/09 a 09\/10\/2026 Confira em &#8220;Processos Seletivos&#8221; ou acesse ao link:\u2026<\/p>\n","protected":false},"featured_media":1878,"template":"","meta":[],"tipo_noticia":[18],"class_list":["post-1876","ppgfil_noticia","type-ppgfil_noticia","status-publish","has-post-thumbnail","hentry","tipo_noticia-noticia"],"_links":{"self":[{"href":"https:\/\/ppgfil.ufpi.br\/home\/index.php\/wp-json\/wp\/v2\/ppgfil_noticia\/1876","targetHints":{"allow":["GET"]}}],"collection":[{"href":"https:\/\/ppgfil.ufpi.br\/home\/index.php\/wp-json\/wp\/v2\/ppgfil_noticia"}],"about":[{"href":"https:\/\/ppgfil.ufpi.br\/home\/index.php\/wp-json\/wp\/v2\/types\/ppgfil_noticia"}],"wp:featuredmedia":[{"embeddable":true,"href":"https:\/\/ppgfil.ufpi.br\/home\/index.php\/wp-json\/wp\/v2\/media\/1878"}],"wp:attachment":[{"href":"https:\/\/ppgfil.ufpi.br\/home\/index.php\/wp-json\/wp\/v2\/media?parent=1876"}],"wp:term":[{"taxonomy":"tipo_noticia","embeddable":true,"href":"https:\/\/ppgfil.ufpi.br\/home\/index.php\/wp-json\/wp\/v2\/tipo_noticia?post=1876"}],"curies":[{"name":"wp","href":"https:\/\/api.w.org\/{rel}","templated":true}]}}